{"id":97,"date":"2025-04-25T15:44:19","date_gmt":"2025-04-25T21:44:19","guid":{"rendered":"https:\/\/asociacionvjr.org\/en\/?p=97"},"modified":"2025-04-25T15:44:19","modified_gmt":"2025-04-25T21:44:19","slug":"press-release-april-21-2025","status":"publish","type":"post","link":"https:\/\/asociacionvjr.org\/en\/2025\/04\/25\/press-release-april-21-2025\/","title":{"rendered":"Press Release April 21, 2025"},"content":{"rendered":"\n<p>La <strong>Asociaci\u00f3n para la Justicia, Verdad y Reparaciones dignas<\/strong> queremos comunicar a la opini\u00f3n p\u00fablica lo siguiente:<\/p>\n\n\n\n<ul class=\"wp-block-list\">\n<li>Lamentamos la partida del Papa Francisco, y nos unimos a las manifestaciones de duelo, as\u00ed como de gratitud por el bien que hizo durante su pontificado.<\/li>\n\n\n\n<li>Lamentamos la partida del Papa Francisco, y nos unimos a las manifestaciones de duelo, as\u00ed como de gratitud por el bien que hizo durante su pontificado.<\/li>\n\n\n\n<li>Esperamos que su labor en favor de las victimas sea continuada a la brevedadposible y se completen las tareas pendientes. Contamos con que, a ejemplo delPapa Francisco, la Iglesia siga comprometida, en todas sus estructuras, en velar paraque las personas da\u00f1adas encuentren verdad, justicia y reparaciones dignas.<\/li>\n\n\n\n<li>Nos ponemos nuevamente a disposici\u00f3n tanto de las v\u00edctimas como de cualquier persona que quiera colaborar con los fines de la asociaci\u00f3n.<\/li>\n<\/ul>\n","protected":false},"excerpt":{"rendered":"<p>La Asociaci\u00f3n para la Justicia, Verdad y Reparaciones dignas queremos comunicar a la opini\u00f3n p\u00fablica lo siguiente:<\/p>\n","protected":false},"author":1,"featured_media":0,"comment_status":"closed","ping_status":"closed","sticky":false,"template":"","format":"standard","meta":{"footnotes":""},"categories":[6],"tags":[],"class_list":["post-97","post","type-post","status-publish","format-standard","hentry","category-press-releases"],"_links":{"self":[{"href":"https:\/\/asociacionvjr.org\/en\/wp-json\/wp\/v2\/posts\/97","targetHints":{"allow":["GET"]}}],"collection":[{"href":"https:\/\/asociacionvjr.org\/en\/wp-json\/wp\/v2\/posts"}],"about":[{"href":"https:\/\/asociacionvjr.org\/en\/wp-json\/wp\/v2\/types\/post"}],"author":[{"embeddable":true,"href":"https:\/\/asociacionvjr.org\/en\/wp-json\/wp\/v2\/users\/1"}],"replies":[{"embeddable":true,"href":"https:\/\/asociacionvjr.org\/en\/wp-json\/wp\/v2\/comments?post=97"}],"version-history":[{"count":1,"href":"https:\/\/asociacionvjr.org\/en\/wp-json\/wp\/v2\/posts\/97\/revisions"}],"predecessor-version":[{"id":98,"href":"https:\/\/asociacionvjr.org\/en\/wp-json\/wp\/v2\/posts\/97\/revisions\/98"}],"wp:attachment":[{"href":"https:\/\/asociacionvjr.org\/en\/wp-json\/wp\/v2\/media?parent=97"}],"wp:term":[{"taxonomy":"category","embeddable":true,"href":"https:\/\/asociacionvjr.org\/en\/wp-json\/wp\/v2\/categories?post=97"},{"taxonomy":"post_tag","embeddable":true,"href":"https:\/\/asociacionvjr.org\/en\/wp-json\/wp\/v2\/tags?post=97"}],"curies":[{"name":"wp","href":"https:\/\/api.w.org\/{rel}","templated":true}]}}