{"id":28,"date":"2025-04-21T12:00:37","date_gmt":"2025-04-21T10:00:37","guid":{"rendered":"https:\/\/asociacionvjr.org\/pt\/?p=28"},"modified":"2025-04-26T00:03:18","modified_gmt":"2025-04-25T22:03:18","slug":"comunicado-de-imprensa-de-14-de-abril-de-2025","status":"publish","type":"post","link":"https:\/\/asociacionvjr.org\/pt\/2025\/04\/21\/comunicado-de-imprensa-de-14-de-abril-de-2025\/","title":{"rendered":"Comunicado de imprensa de 14 de abril de 2025"},"content":{"rendered":"\n<p>A <strong>Associa\u00e7\u00e3o para Justi\u00e7a, Verdade e Repara\u00e7\u00f5es Dignas<\/strong> deseja comunicar o seguinte ao p\u00fablico:<\/p>\n\n\n\n<ol class=\"wp-block-list\">\n<li>Como \u00e9 de conhecimento p\u00fablico, o Sodal\u00edcio de Vida Crist\u00e3, a Fraternidade Mariana da Reconcilia\u00e7\u00e3o, os Servos do Plano de Deus e o Movimento de Vida Crist\u00e3 foram formalmente suprimidos pela mais alta autoridade da Igreja Cat\u00f3lica. O Papa Francisco nomeou Monsenhor Jordi Bertomeu Farn\u00f3s como Comiss\u00e1rio Apost\u00f3lico para as tarefas relacionadas \u00e0 referida supress\u00e3o. Este evento \u00e9 um passo importante na busca por justi\u00e7a e repara\u00e7\u00e3o para as v\u00edtimas das institui\u00e7\u00f5es fundadas pelo leigo Luis Fernando Figari com base em um carisma inexistente que lhes causou graves danos por meio de v\u00e1rios abusos institucionalizados e que hoje n\u00e3o \u00e9 mais reconhecido pela Santa S\u00e9 como um caminho para Deus.<\/li>\n\n\n\n<li>Estamos a servi\u00e7o de todas e cada uma das v\u00edtimas das institui\u00e7\u00f5es reprimidas e expressamos nossa total solidariedade a elas. Como j\u00e1 expressamos em outras ocasi\u00f5es, c|ontamos com profissionais nas \u00e1reas pertinentes para prestar toda a ajuda que pudermos e que for necess\u00e1ria.<\/li>\n\n\n\n<li>Estamos monitorando de perto o trabalho que se seguir\u00e1 \u00e0 dissolu\u00e7\u00e3o formal das tr\u00eas institui\u00e7\u00f5es para atuar de forma respons\u00e1vel e transparente, de acordo com os prop\u00f3sitos e valores da nossa associa\u00e7\u00e3o. Nesse sentido, solicitamos uma reuni\u00e3o com Monsenhor Jordi Bertomeu para nos apresentarmos e discutir os pr\u00f3ximos passos e prazos.<\/li>\n\n\n\n<li>Acreditamos que nossa independ\u00eancia \u00e9 uma das chaves do nosso esp\u00edrito e servi\u00e7o, e que ela vai al\u00e9m da situa\u00e7\u00e3o atual.<\/li>\n<\/ol>\n\n\n\n<p>Sinceramente,<br><strong>Conselho de Administra\u00e7\u00e3o e Assembleia Geral de Associados<\/strong><\/p>\n","protected":false},"excerpt":{"rendered":"<p>A Associa\u00e7\u00e3o para Justi\u00e7a, Verdade e Repara\u00e7\u00f5es Dignas deseja comunicar o seguinte ao p\u00fablico: Sinceramente,Conselho de Administra\u00e7\u00e3o e Assembleia Geral de Associados<\/p>\n","protected":false},"author":1,"featured_media":0,"comment_status":"open","ping_status":"open","sticky":false,"template":"","format":"standard","meta":{"footnotes":""},"categories":[1],"tags":[],"class_list":["post-28","post","type-post","status-publish","format-standard","hentry","category-sin-categoria"],"_links":{"self":[{"href":"https:\/\/asociacionvjr.org\/pt\/wp-json\/wp\/v2\/posts\/28","targetHints":{"allow":["GET"]}}],"collection":[{"href":"https:\/\/asociacionvjr.org\/pt\/wp-json\/wp\/v2\/posts"}],"about":[{"href":"https:\/\/asociacionvjr.org\/pt\/wp-json\/wp\/v2\/types\/post"}],"author":[{"embeddable":true,"href":"https:\/\/asociacionvjr.org\/pt\/wp-json\/wp\/v2\/users\/1"}],"replies":[{"embeddable":true,"href":"https:\/\/asociacionvjr.org\/pt\/wp-json\/wp\/v2\/comments?post=28"}],"version-history":[{"count":1,"href":"https:\/\/asociacionvjr.org\/pt\/wp-json\/wp\/v2\/posts\/28\/revisions"}],"predecessor-version":[{"id":29,"href":"https:\/\/asociacionvjr.org\/pt\/wp-json\/wp\/v2\/posts\/28\/revisions\/29"}],"wp:attachment":[{"href":"https:\/\/asociacionvjr.org\/pt\/wp-json\/wp\/v2\/media?parent=28"}],"wp:term":[{"taxonomy":"category","embeddable":true,"href":"https:\/\/asociacionvjr.org\/pt\/wp-json\/wp\/v2\/categories?post=28"},{"taxonomy":"post_tag","embeddable":true,"href":"https:\/\/asociacionvjr.org\/pt\/wp-json\/wp\/v2\/tags?post=28"}],"curies":[{"name":"wp","href":"https:\/\/api.w.org\/{rel}","templated":true}]}}