{"id":30,"date":"2025-04-21T12:00:52","date_gmt":"2025-04-21T10:00:52","guid":{"rendered":"https:\/\/asociacionvjr.org\/pt\/?p=30"},"modified":"2025-04-26T00:03:04","modified_gmt":"2025-04-25T22:03:04","slug":"comunicado-de-imprensa-de-21-de-abril-de-2025","status":"publish","type":"post","link":"https:\/\/asociacionvjr.org\/pt\/2025\/04\/21\/comunicado-de-imprensa-de-21-de-abril-de-2025\/","title":{"rendered":"Comunicado de imprensa de 21 de abril de 2025"},"content":{"rendered":"\n<p>A <strong>Associa\u00e7\u00e3o para Justi\u00e7a, Verdade e Repara\u00e7\u00f5es Dignas <\/strong>deseja comunicar o seguinte ao p\u00fablico:<\/p>\n\n\n\n<ol class=\"wp-block-list\">\n<li>Lamentamos o falecimento do Papa Francisco e nos unimos \u00e0s express\u00f5es de luto, bem como de gratid\u00e3o pelo bem que ele realizou durante seu pontificado.<\/li>\n\n\n\n<li>Lamentamos o falecimento do Papa Francisco e nos unimos \u00e0s express\u00f5es de luto, bem como de gratid\u00e3o pelo bem que ele realizou durante seu pontificado.<\/li>\n\n\n\n<li>Esperamos que seu trabalho em prol das v\u00edtimas continue o mais r\u00e1pido poss\u00edvel e que as tarefas pendentes sejam conclu\u00eddas. Contamos com a Igreja, seguindo o exemplo do Papa Francisco, para permanecer comprometida, em todas as suas estruturas, em garantir que os prejudicados encontrem verdade, justi\u00e7a e repara\u00e7\u00f5es dignas.<\/li>\n\n\n\n<li>Mais uma vez, oferecemos nossos servi\u00e7os \u00e0s v\u00edtimas e a qualquer pessoa que deseje contribuir para os objetivos da associa\u00e7\u00e3o.<\/li>\n<\/ol>\n\n\n\n<p><\/p>\n","protected":false},"excerpt":{"rendered":"<p>A Associa\u00e7\u00e3o para Justi\u00e7a, Verdade e Repara\u00e7\u00f5es Dignas deseja comunicar o seguinte ao p\u00fablico:<\/p>\n","protected":false},"author":1,"featured_media":0,"comment_status":"open","ping_status":"open","sticky":false,"template":"","format":"standard","meta":{"footnotes":""},"categories":[1],"tags":[],"class_list":["post-30","post","type-post","status-publish","format-standard","hentry","category-sin-categoria"],"_links":{"self":[{"href":"https:\/\/asociacionvjr.org\/pt\/wp-json\/wp\/v2\/posts\/30","targetHints":{"allow":["GET"]}}],"collection":[{"href":"https:\/\/asociacionvjr.org\/pt\/wp-json\/wp\/v2\/posts"}],"about":[{"href":"https:\/\/asociacionvjr.org\/pt\/wp-json\/wp\/v2\/types\/post"}],"author":[{"embeddable":true,"href":"https:\/\/asociacionvjr.org\/pt\/wp-json\/wp\/v2\/users\/1"}],"replies":[{"embeddable":true,"href":"https:\/\/asociacionvjr.org\/pt\/wp-json\/wp\/v2\/comments?post=30"}],"version-history":[{"count":1,"href":"https:\/\/asociacionvjr.org\/pt\/wp-json\/wp\/v2\/posts\/30\/revisions"}],"predecessor-version":[{"id":31,"href":"https:\/\/asociacionvjr.org\/pt\/wp-json\/wp\/v2\/posts\/30\/revisions\/31"}],"wp:attachment":[{"href":"https:\/\/asociacionvjr.org\/pt\/wp-json\/wp\/v2\/media?parent=30"}],"wp:term":[{"taxonomy":"category","embeddable":true,"href":"https:\/\/asociacionvjr.org\/pt\/wp-json\/wp\/v2\/categories?post=30"},{"taxonomy":"post_tag","embeddable":true,"href":"https:\/\/asociacionvjr.org\/pt\/wp-json\/wp\/v2\/tags?post=30"}],"curies":[{"name":"wp","href":"https:\/\/api.w.org\/{rel}","templated":true}]}}